{"id":130,"date":"2014-03-20T10:41:00","date_gmt":"2014-03-20T10:41:00","guid":{"rendered":"http:\/\/www.tallerdelzorro.com.ar\/?p=130"},"modified":"2015-04-10T13:19:14","modified_gmt":"2015-04-10T16:19:14","slug":"microcuentos-para-galletas-de-la-fortuna","status":"publish","type":"post","link":"https:\/\/tallerdelzorro.com.ar\/?p=130","title":{"rendered":"Microcuentos para galletas de la fortuna"},"content":{"rendered":"<p><a href=\"http:\/\/www.tallerdelzorro.com.ar\/wp-content\/uploads\/2014\/03\/taller-252520009_thumb-25255B3-25255D.jpg\"><img loading=\"lazy\" decoding=\"async\" title=\"taller 009\" style=\"border-left-width: 0px; border-right-width: 0px; background-image: none; border-bottom-width: 0px; float: none; padding-top: 0px; padding-left: 0px; margin-left: auto; display: block; padding-right: 0px; border-top-width: 0px; margin-right: auto\" border=\"0\" alt=\"taller 009\" src=\"http:\/\/www.tallerdelzorro.com.ar\/wp-content\/uploads\/2014\/03\/taller-252520009_thumb-25255B3-25255D-300x165.jpg\" width=\"644\" height=\"356\" \/><\/a><\/p>\n<p>Aprovechando que el correo trajo los <a href=\"http:\/\/dabale-arroz.blogspot.com.ar\/2014\/02\/23-microcuentos-10.html\" target=\"_blank\">23 microcuentos de Eduardo Abel Gimenez<\/a>&nbsp; hablamos de los microrelatos, de los cuentos brev\u00edsimos&nbsp; y le\u00edmos un mont\u00f3n. Algunos, sacados de la antolog\u00eda&nbsp; <a href=\"http:\/\/www.colihue.com.ar\/fichaLibro?bookId=332\" target=\"_blank\">En frasco chico<\/a>, otros de <a href=\"http:\/\/blog.eternacadencia.com.ar\/archives\/2010\/8731\" target=\"_blank\">Cuentos breves y extraordinarios<\/a> de Borges y Bioy Casares. Nos imaginamos trabajando de escritores para una f\u00e1brica de galletas de la fortuna llamada Afortunados &amp; Asociados y adem\u00e1s de microcuentos buen\u00edsimos salieron historias muy divertidas.<\/p>\n<p>Abri\u00f3 su galleta de la fortuna: estaba vac\u00eda.<\/p>\n<p>Cuando se despert\u00f3 el dinosaurio hubo un terremoto. Ian  <\/p>\n<p>Ping Fo so\u00f1\u00f3 que era un argentino y se fue a Argentina. Ian  <\/p>\n<p>Ella abri\u00f3 la ventana. Otra vez ese monstruo. Juana B.  <\/p>\n<p>El despert\u00f3 de ese sue\u00f1o temeroso y se dio cuenta de que era un sue\u00f1o. Juana B.  <\/p>\n<p>Un gato se trag\u00f3 una mariposa y sali\u00f3 volando.<\/p>\n<p>Me duele la panza, me duele la panza dijo el zorro. Entonces peor ser\u00e1 comerte, dijo el le\u00f3n. Margarita R.  <\/p>\n<p><a href=\"http:\/\/www.tallerdelzorro.com.ar\/wp-content\/uploads\/2014\/03\/taller-252520029_thumb-25255B1-25255D.jpg\"><img loading=\"lazy\" decoding=\"async\" title=\"taller 029\" style=\"border-left-width: 0px; border-right-width: 0px; background-image: none; border-bottom-width: 0px; float: none; padding-top: 0px; padding-left: 0px; margin-left: auto; display: block; padding-right: 0px; border-top-width: 0px; margin-right: auto\" border=\"0\" alt=\"taller 029\" src=\"http:\/\/www.tallerdelzorro.com.ar\/wp-content\/uploads\/2014\/03\/taller-252520029_thumb-25255B1-25255D-300x200.jpg\" width=\"644\" height=\"431\" \/><\/a><\/p>\n","protected":false},"excerpt":{"rendered":"<p>Aprovechando que el correo trajo los 23 microcuentos de Eduardo Abel Gimenez&nbsp; hablamos de los microrelatos, de los cuentos brev\u00edsimos&nbsp; y le\u00edmos un mont\u00f3n. Algunos, sacados de la antolog\u00eda&nbsp; En frasco chico, otros de Cuentos breves y extraordinarios de Borges y Bioy Casares. Nos imaginamos trabajando de escritores para una f\u00e1brica de galletas de la [&hellip;]<\/p>\n","protected":false},"author":1,"featured_media":481,"comment_status":"open","ping_status":"open","sticky":false,"template":"","format":"standard","meta":{"_themeisle_gutenberg_block_has_review":false,"footnotes":""},"categories":[1],"tags":[],"class_list":["post-130","post","type-post","status-publish","format-standard","has-post-thumbnail","hentry","category-blog"],"_links":{"self":[{"href":"https:\/\/tallerdelzorro.com.ar\/index.php?rest_route=\/wp\/v2\/posts\/130","targetHints":{"allow":["GET"]}}],"collection":[{"href":"https:\/\/tallerdelzorro.com.ar\/index.php?rest_route=\/wp\/v2\/posts"}],"about":[{"href":"https:\/\/tallerdelzorro.com.ar\/index.php?rest_route=\/wp\/v2\/types\/post"}],"author":[{"embeddable":true,"href":"https:\/\/tallerdelzorro.com.ar\/index.php?rest_route=\/wp\/v2\/users\/1"}],"replies":[{"embeddable":true,"href":"https:\/\/tallerdelzorro.com.ar\/index.php?rest_route=%2Fwp%2Fv2%2Fcomments&post=130"}],"version-history":[{"count":0,"href":"https:\/\/tallerdelzorro.com.ar\/index.php?rest_route=\/wp\/v2\/posts\/130\/revisions"}],"wp:featuredmedia":[{"embeddable":true,"href":"https:\/\/tallerdelzorro.com.ar\/index.php?rest_route=\/wp\/v2\/media\/481"}],"wp:attachment":[{"href":"https:\/\/tallerdelzorro.com.ar\/index.php?rest_route=%2Fwp%2Fv2%2Fmedia&parent=130"}],"wp:term":[{"taxonomy":"category","embeddable":true,"href":"https:\/\/tallerdelzorro.com.ar\/index.php?rest_route=%2Fwp%2Fv2%2Fcategories&post=130"},{"taxonomy":"post_tag","embeddable":true,"href":"https:\/\/tallerdelzorro.com.ar\/index.php?rest_route=%2Fwp%2Fv2%2Ftags&post=130"}],"curies":[{"name":"wp","href":"https:\/\/api.w.org\/{rel}","templated":true}]}}