{"id":1344,"date":"2015-09-29T08:18:28","date_gmt":"2015-09-29T11:18:28","guid":{"rendered":"http:\/\/www.tallerdelzorro.com.ar\/?p=1344"},"modified":"2015-09-29T08:19:05","modified_gmt":"2015-09-29T11:19:05","slug":"fragmentos-de-un-dentikit","status":"publish","type":"post","link":"https:\/\/tallerdelzorro.com.ar\/?p=1344","title":{"rendered":"Fragmentos de un identikit"},"content":{"rendered":"<p><a href=\"http:\/\/www.tallerdelzorro.com.ar\/wp-content\/uploads\/2015\/09\/taller-016.jpg\"><img loading=\"lazy\" decoding=\"async\" class=\"aligncenter wp-image-1345 size-large\" src=\"http:\/\/www.tallerdelzorro.com.ar\/wp-content\/uploads\/2015\/09\/taller-016-1024x683.jpg\" alt=\"taller 016\" width=\"900\" height=\"600\" srcset=\"https:\/\/tallerdelzorro.com.ar\/wp-content\/uploads\/2015\/09\/taller-016-1024x683.jpg 1024w, https:\/\/tallerdelzorro.com.ar\/wp-content\/uploads\/2015\/09\/taller-016-300x200.jpg 300w\" sizes=\"auto, (max-width: 900px) 100vw, 900px\" \/><\/a>Despu\u00e9s de haber escrito textos y haber dibujado retratos maravillosos lleg\u00f3 la \u00faltima clase del taller Identikit. Los chicos se dedicaron a dibujar fragmentos de un rostro para elaborar un identikit. Un ojo, una nariz, una boca, una oreja, una mirada, una dentadura, una mordida.<\/p>\n<p>Mientras escuchaban las descripciones hechas por Fray Mocho fijando\u00a0la identidad de un grupo de ladrones para que puedan ser reconocidos en plena calle, los chicos fijaron por medio del dibujo rasgos \u00fanicos, fragmentos de un identikit.<img loading=\"lazy\" decoding=\"async\" class=\"aligncenter wp-image-1346 size-large\" src=\"http:\/\/www.tallerdelzorro.com.ar\/wp-content\/uploads\/2015\/09\/taller-0062-1024x683.jpg\" alt=\"taller 006\" width=\"900\" height=\"600\" srcset=\"https:\/\/tallerdelzorro.com.ar\/wp-content\/uploads\/2015\/09\/taller-0062-1024x683.jpg 1024w, https:\/\/tallerdelzorro.com.ar\/wp-content\/uploads\/2015\/09\/taller-0062-300x200.jpg 300w\" sizes=\"auto, (max-width: 900px) 100vw, 900px\" \/><\/p>\n","protected":false},"excerpt":{"rendered":"<p>Despu\u00e9s de haber escrito textos y haber dibujado retratos maravillosos lleg\u00f3 la \u00faltima clase del taller Identikit. Los chicos se dedicaron a dibujar fragmentos de un rostro para elaborar un identikit. Un ojo, una nariz, una boca, una oreja, una mirada, una dentadura, una mordida. Mientras escuchaban las descripciones hechas por Fray Mocho fijando\u00a0la identidad [&hellip;]<\/p>\n","protected":false},"author":1,"featured_media":1345,"comment_status":"open","ping_status":"open","sticky":false,"template":"","format":"standard","meta":{"_themeisle_gutenberg_block_has_review":false,"footnotes":""},"categories":[1],"tags":[],"class_list":["post-1344","post","type-post","status-publish","format-standard","has-post-thumbnail","hentry","category-blog"],"_links":{"self":[{"href":"https:\/\/tallerdelzorro.com.ar\/index.php?rest_route=\/wp\/v2\/posts\/1344","targetHints":{"allow":["GET"]}}],"collection":[{"href":"https:\/\/tallerdelzorro.com.ar\/index.php?rest_route=\/wp\/v2\/posts"}],"about":[{"href":"https:\/\/tallerdelzorro.com.ar\/index.php?rest_route=\/wp\/v2\/types\/post"}],"author":[{"embeddable":true,"href":"https:\/\/tallerdelzorro.com.ar\/index.php?rest_route=\/wp\/v2\/users\/1"}],"replies":[{"embeddable":true,"href":"https:\/\/tallerdelzorro.com.ar\/index.php?rest_route=%2Fwp%2Fv2%2Fcomments&post=1344"}],"version-history":[{"count":2,"href":"https:\/\/tallerdelzorro.com.ar\/index.php?rest_route=\/wp\/v2\/posts\/1344\/revisions"}],"predecessor-version":[{"id":1348,"href":"https:\/\/tallerdelzorro.com.ar\/index.php?rest_route=\/wp\/v2\/posts\/1344\/revisions\/1348"}],"wp:featuredmedia":[{"embeddable":true,"href":"https:\/\/tallerdelzorro.com.ar\/index.php?rest_route=\/wp\/v2\/media\/1345"}],"wp:attachment":[{"href":"https:\/\/tallerdelzorro.com.ar\/index.php?rest_route=%2Fwp%2Fv2%2Fmedia&parent=1344"}],"wp:term":[{"taxonomy":"category","embeddable":true,"href":"https:\/\/tallerdelzorro.com.ar\/index.php?rest_route=%2Fwp%2Fv2%2Fcategories&post=1344"},{"taxonomy":"post_tag","embeddable":true,"href":"https:\/\/tallerdelzorro.com.ar\/index.php?rest_route=%2Fwp%2Fv2%2Ftags&post=1344"}],"curies":[{"name":"wp","href":"https:\/\/api.w.org\/{rel}","templated":true}]}}