{"id":166,"date":"2013-06-20T13:22:00","date_gmt":"2013-06-20T13:22:00","guid":{"rendered":"http:\/\/www.tallerdelzorro.com.ar\/?p=166"},"modified":"2015-04-10T13:19:16","modified_gmt":"2015-04-10T16:19:16","slug":"editando-y-escribiendo","status":"publish","type":"post","link":"https:\/\/tallerdelzorro.com.ar\/?p=166","title":{"rendered":"Editando y escribiendo"},"content":{"rendered":"<p><a href=\"http:\/\/www.tallerdelzorro.com.ar\/wp-content\/uploads\/2013\/06\/ilustrator_thumb-25255B3-25255D.png\"><img loading=\"lazy\" decoding=\"async\" title=\"ilustrator\" style=\"border-top: 0px; border-right: 0px; background-image: none; border-bottom: 0px; float: none; padding-top: 0px; padding-left: 0px; margin-left: auto; border-left: 0px; display: block; padding-right: 0px; margin-right: auto\" border=\"0\" alt=\"ilustrator\" src=\"http:\/\/www.tallerdelzorro.com.ar\/wp-content\/uploads\/2013\/06\/ilustrator_thumb-25255B3-25255D-300x169.png\" width=\"644\" height=\"364\" \/><\/a>Esta tarde helada entramos en calor trabajando much\u00edsimo. Corregimos algunos de las textos que los chicos escribieron el mi\u00e9rcoles pasado y elegimos el t\u00edtulo del futuro libro del taller. Y como si esto fuera poco tambi\u00e9n se adue\u00f1aron de otros cuadros para contar nuevas historias.<\/p>\n<p align=\"center\"><strong>Nadie quiere a los troncos<\/strong> <\/p>\n<p><em>Los troncos cortados siempre protestan y gritan \u00ab\u00a1Nadie nos quiere!\u00bb Pero Tronki (que era uno de los troncos) no sab\u00eda lo que iba a pasar.<\/em> <\/p>\n<p><em>Al d\u00eda siguiente un ventr\u00edlocuo estaba caminando por all\u00ed con su gato Fini (que ten\u00eda una cola muy larga). Juan (que era el ventr\u00edlocuo) estaba muy cansado de caminar (ya hab\u00eda caminado 5 km. y le faltaban otros 5 ) tropez\u00f3 con la cola de Fini y cay\u00f3 apoyado contra Tronki y Tronki le habl\u00f3 y Juan le contest\u00f3. Se hicieron amigos y as\u00ed termina esta historia.<\/em>  <\/p>\n<p>Valentina<\/p>\n","protected":false},"excerpt":{"rendered":"<p>Esta tarde helada entramos en calor trabajando much\u00edsimo. Corregimos algunos de las textos que los chicos escribieron el mi\u00e9rcoles pasado y elegimos el t\u00edtulo del futuro libro del taller. Y como si esto fuera poco tambi\u00e9n se adue\u00f1aron de otros cuadros para contar nuevas historias. Nadie quiere a los troncos Los troncos cortados siempre protestan [&hellip;]<\/p>\n","protected":false},"author":1,"featured_media":536,"comment_status":"open","ping_status":"open","sticky":false,"template":"","format":"standard","meta":{"_themeisle_gutenberg_block_has_review":false,"footnotes":""},"categories":[1],"tags":[],"class_list":["post-166","post","type-post","status-publish","format-standard","has-post-thumbnail","hentry","category-blog"],"_links":{"self":[{"href":"https:\/\/tallerdelzorro.com.ar\/index.php?rest_route=\/wp\/v2\/posts\/166","targetHints":{"allow":["GET"]}}],"collection":[{"href":"https:\/\/tallerdelzorro.com.ar\/index.php?rest_route=\/wp\/v2\/posts"}],"about":[{"href":"https:\/\/tallerdelzorro.com.ar\/index.php?rest_route=\/wp\/v2\/types\/post"}],"author":[{"embeddable":true,"href":"https:\/\/tallerdelzorro.com.ar\/index.php?rest_route=\/wp\/v2\/users\/1"}],"replies":[{"embeddable":true,"href":"https:\/\/tallerdelzorro.com.ar\/index.php?rest_route=%2Fwp%2Fv2%2Fcomments&post=166"}],"version-history":[{"count":0,"href":"https:\/\/tallerdelzorro.com.ar\/index.php?rest_route=\/wp\/v2\/posts\/166\/revisions"}],"wp:featuredmedia":[{"embeddable":true,"href":"https:\/\/tallerdelzorro.com.ar\/index.php?rest_route=\/wp\/v2\/media\/536"}],"wp:attachment":[{"href":"https:\/\/tallerdelzorro.com.ar\/index.php?rest_route=%2Fwp%2Fv2%2Fmedia&parent=166"}],"wp:term":[{"taxonomy":"category","embeddable":true,"href":"https:\/\/tallerdelzorro.com.ar\/index.php?rest_route=%2Fwp%2Fv2%2Fcategories&post=166"},{"taxonomy":"post_tag","embeddable":true,"href":"https:\/\/tallerdelzorro.com.ar\/index.php?rest_route=%2Fwp%2Fv2%2Ftags&post=166"}],"curies":[{"name":"wp","href":"https:\/\/api.w.org\/{rel}","templated":true}]}}