{"id":228,"date":"2012-09-05T13:52:00","date_gmt":"2012-09-05T13:52:00","guid":{"rendered":"http:\/\/www.tallerdelzorro.com.ar\/?p=228"},"modified":"2015-04-10T13:19:24","modified_gmt":"2015-04-10T16:19:24","slug":"sombras-nada-menos","status":"publish","type":"post","link":"https:\/\/tallerdelzorro.com.ar\/?p=228","title":{"rendered":"Sombras, nada menos"},"content":{"rendered":"<div style=\"text-align: justify;\">Ayer fue una tarde asombro y de sombras para el grupo m\u00e1s chico.<\/div>\n<div style=\"text-align: justify;\">Empezamos abriendo nuestra caja de libros y leyendo<b>&nbsp;<a href=\"http:\/\/www.colihue.com.ar\/fichaLibro?bookId=466\" target=\"_blank\">El hombre que perdi\u00f3 su sombra<\/a><\/b>&nbsp;, de Gustavo Rold\u00e1n,&nbsp;<b><a href=\"http:\/\/www.oceano.mx\/ficha-libro.aspx?id=8102\" target=\"_blank\">\u00bfDe qui\u00e9n es esa sombra?<\/a><\/b>&nbsp;, de Choi Sukhee y, por \u00faltimo, con ayuda de una linterna,&nbsp;<b><a href=\"http:\/\/www.elarboldepapel.com\/productos\/453\/bella-durmiente-del-bosque-teatro-de-sombras\/\" target=\"_blank\">La bella durmiente del bosque<\/a><\/b>&nbsp;de Nathalie Dieterl\u00e9.<\/div>\n<div style=\"text-align: justify;\">Luego los chicos recibieron dos sorpresas: por un lado, una funci\u00f3n de teatro de sombras con la Canci\u00f3n de pescador, de Mar\u00eda Elena Walsh, y, por otro, la visita de los chicos del grupo m\u00e1s grande que prepararon especialmente para ellos \u00abLos tres cerditos\u00bb.\u00a1Y se llevaron todos los aplausos!<\/div>\n<div style=\"text-align: justify;\"><\/div>\n<p>Como broche de oro, confeccionaron sus propios t\u00edteres de sombras e inventaron una obra para representar.<\/p>\n<div style=\"clear: both; text-align: center;\"><a href=\"http:\/\/www.tallerdelzorro.com.ar\/wp-content\/uploads\/2012\/09\/taller-015.jpg\" style=\"margin-left: 1em; margin-right: 1em;\"><img loading=\"lazy\" decoding=\"async\" border=\"0\" height=\"425\" src=\"http:\/\/www.tallerdelzorro.com.ar\/wp-content\/uploads\/2012\/09\/taller-015-300x200.jpg\" width=\"640\" \/><\/a><\/div>\n<p><\/p>\n<div style=\"clear: both; text-align: center;\"><a href=\"http:\/\/www.tallerdelzorro.com.ar\/wp-content\/uploads\/2012\/09\/taller-037.jpg\" style=\"margin-left: 1em; margin-right: 1em;\"><img loading=\"lazy\" decoding=\"async\" border=\"0\" height=\"426\" src=\"http:\/\/www.tallerdelzorro.com.ar\/wp-content\/uploads\/2012\/09\/taller-037-300x200.jpg\" width=\"640\" \/><\/a><\/div>\n<p><\/p>\n<div style=\"clear: both; text-align: center;\"><a href=\"http:\/\/www.tallerdelzorro.com.ar\/wp-content\/uploads\/2012\/09\/taller-052.jpg\" style=\"margin-left: 1em; margin-right: 1em;\"><img loading=\"lazy\" decoding=\"async\" border=\"0\" height=\"426\" src=\"http:\/\/www.tallerdelzorro.com.ar\/wp-content\/uploads\/2012\/09\/taller-052-300x200.jpg\" width=\"640\" \/><\/a><\/div>\n<p><\/p>\n<div style=\"clear: both; text-align: center;\"><a href=\"http:\/\/4.bp.blogspot.com\/-trh2LWtjeHc\/UEdYnITjZeI\/AAAAAAAAH9Y\/UcQI7KdXHz4\/s1600\/taller+027.JPG\" style=\"margin-left: 1em; margin-right: 1em;\"><img loading=\"lazy\" decoding=\"async\" border=\"0\" height=\"426\" src=\"http:\/\/4.bp.blogspot.com\/-trh2LWtjeHc\/UEdYnITjZeI\/AAAAAAAAH9Y\/UcQI7KdXHz4\/s640\/taller+027.JPG\" width=\"640\" \/><\/a><\/div>\n<p><\/p>\n<div style=\"text-align: justify;\"><\/div>\n","protected":false},"excerpt":{"rendered":"<p>Ayer fue una tarde asombro y de sombras para el grupo m\u00e1s chico. Empezamos abriendo nuestra caja de libros y leyendo&nbsp;El hombre que perdi\u00f3 su sombra&nbsp;, de Gustavo Rold\u00e1n,&nbsp;\u00bfDe qui\u00e9n es esa sombra?&nbsp;, de Choi Sukhee y, por \u00faltimo, con ayuda de una linterna,&nbsp;La bella durmiente del bosque&nbsp;de Nathalie Dieterl\u00e9. Luego los chicos recibieron dos [&hellip;]<\/p>\n","protected":false},"author":1,"featured_media":665,"comment_status":"open","ping_status":"open","sticky":false,"template":"","format":"standard","meta":{"_themeisle_gutenberg_block_has_review":false,"footnotes":""},"categories":[1],"tags":[],"class_list":["post-228","post","type-post","status-publish","format-standard","has-post-thumbnail","hentry","category-blog"],"_links":{"self":[{"href":"https:\/\/tallerdelzorro.com.ar\/index.php?rest_route=\/wp\/v2\/posts\/228","targetHints":{"allow":["GET"]}}],"collection":[{"href":"https:\/\/tallerdelzorro.com.ar\/index.php?rest_route=\/wp\/v2\/posts"}],"about":[{"href":"https:\/\/tallerdelzorro.com.ar\/index.php?rest_route=\/wp\/v2\/types\/post"}],"author":[{"embeddable":true,"href":"https:\/\/tallerdelzorro.com.ar\/index.php?rest_route=\/wp\/v2\/users\/1"}],"replies":[{"embeddable":true,"href":"https:\/\/tallerdelzorro.com.ar\/index.php?rest_route=%2Fwp%2Fv2%2Fcomments&post=228"}],"version-history":[{"count":0,"href":"https:\/\/tallerdelzorro.com.ar\/index.php?rest_route=\/wp\/v2\/posts\/228\/revisions"}],"wp:featuredmedia":[{"embeddable":true,"href":"https:\/\/tallerdelzorro.com.ar\/index.php?rest_route=\/wp\/v2\/media\/665"}],"wp:attachment":[{"href":"https:\/\/tallerdelzorro.com.ar\/index.php?rest_route=%2Fwp%2Fv2%2Fmedia&parent=228"}],"wp:term":[{"taxonomy":"category","embeddable":true,"href":"https:\/\/tallerdelzorro.com.ar\/index.php?rest_route=%2Fwp%2Fv2%2Fcategories&post=228"},{"taxonomy":"post_tag","embeddable":true,"href":"https:\/\/tallerdelzorro.com.ar\/index.php?rest_route=%2Fwp%2Fv2%2Ftags&post=228"}],"curies":[{"name":"wp","href":"https:\/\/api.w.org\/{rel}","templated":true}]}}