{"id":248,"date":"2012-06-14T22:27:00","date_gmt":"2012-06-14T22:27:00","guid":{"rendered":"http:\/\/www.tallerdelzorro.com.ar\/?p=248"},"modified":"2015-04-10T13:19:26","modified_gmt":"2015-04-10T16:19:26","slug":"de-fuertes-y-guaridas","status":"publish","type":"post","link":"https:\/\/tallerdelzorro.com.ar\/?p=248","title":{"rendered":"De fuertes y guaridas"},"content":{"rendered":"<p>Le\u00edmos <em>Hab\u00eda una vez una casa<\/em>, de Graciela Montes. Y nos pusimos a pensar situaciones en las que necesitamos refugiarnos.<\/p>\n<p><a href=\"http:\/\/www.tallerdelzorro.com.ar\/wp-content\/uploads\/2012\/06\/taller-003_thumb1.jpg\"><img loading=\"lazy\" decoding=\"async\" style=\"background-image: none; border-right-width: 0px; padding-left: 0px; padding-right: 0px; display: inline; border-top-width: 0px; border-bottom-width: 0px; border-left-width: 0px; padding-top: 0px\" title=\"taller 003\" border=\"0\" alt=\"taller 003\" src=\"http:\/\/www.tallerdelzorro.com.ar\/wp-content\/uploads\/2012\/06\/taller-003_thumb1-300x200.jpg\" width=\"644\" height=\"431\" \/><\/a><\/p>\n<p><em>En mi fuerte me siento refugiado. Mi fuerte est\u00e1 en China. Yo soy sushiman. Voy a mi fuerte cuando mis pap\u00e1s se pelean. Vine porque mis pap\u00e1s se pelearon. Me siento triste. Yo como mi comida favorita, goulash y tomo agua. Me siento bien ac\u00e1 pero por lo de mis pap\u00e1s me siento mal. Yo en mi fuerte me siento excelente.<\/em> Rufino, 7 a\u00f1os<\/p>\n<p><em><a href=\"http:\/\/www.tallerdelzorro.com.ar\/wp-content\/uploads\/2012\/06\/taller-023_thumb1.jpg\"><img loading=\"lazy\" decoding=\"async\" style=\"background-image: none; border-right-width: 0px; padding-left: 0px; padding-right: 0px; display: inline; border-top-width: 0px; border-bottom-width: 0px; border-left-width: 0px; padding-top: 0px\" title=\"taller 023\" border=\"0\" alt=\"taller 023\" src=\"http:\/\/www.tallerdelzorro.com.ar\/wp-content\/uploads\/2012\/06\/taller-023_thumb1-300x200.jpg\" width=\"644\" height=\"431\" \/><\/a><\/em><\/p>\n<p><em>Vine a mi fuerte porque me persegu\u00eda un drag\u00f3n del volc\u00e1n de la selva, porque sin darme cuenta entr\u00e9 a su cueva. Mi fuerte se llama super fuerte. Yo me llamo Thomas. Invitar\u00eda a mi fuerte a Stefano y a Tomy F.D. Mi fuerte est\u00e1 en la selva.&nbsp; <\/em>Thomas, 7 a\u00f1os<\/p>\n<p><a href=\"http:\/\/www.tallerdelzorro.com.ar\/wp-content\/uploads\/2012\/06\/taller-025_thumb1.jpg\"><img loading=\"lazy\" decoding=\"async\" style=\"background-image: none; border-right-width: 0px; padding-left: 0px; padding-right: 0px; display: inline; border-top-width: 0px; border-bottom-width: 0px; border-left-width: 0px; padding-top: 0px\" title=\"taller 025\" border=\"0\" alt=\"taller 025\" src=\"http:\/\/www.tallerdelzorro.com.ar\/wp-content\/uploads\/2012\/06\/taller-025_thumb1-300x200.jpg\" width=\"644\" height=\"431\" \/><\/a><\/p>\n<p><a href=\"http:\/\/www.tallerdelzorro.com.ar\/wp-content\/uploads\/2012\/06\/taller-030_thumb1.jpg\"><img loading=\"lazy\" decoding=\"async\" style=\"background-image: none; border-right-width: 0px; padding-left: 0px; padding-right: 0px; display: inline; border-top-width: 0px; border-bottom-width: 0px; border-left-width: 0px; padding-top: 0px\" title=\"taller 030\" border=\"0\" alt=\"taller 030\" src=\"http:\/\/www.tallerdelzorro.com.ar\/wp-content\/uploads\/2012\/06\/taller-030_thumb1-300x200.jpg\" width=\"644\" height=\"431\" \/><\/a><\/p>\n","protected":false},"excerpt":{"rendered":"<p>Le\u00edmos Hab\u00eda una vez una casa, de Graciela Montes. Y nos pusimos a pensar situaciones en las que necesitamos refugiarnos. En mi fuerte me siento refugiado. Mi fuerte est\u00e1 en China. Yo soy sushiman. Voy a mi fuerte cuando mis pap\u00e1s se pelean. Vine porque mis pap\u00e1s se pelearon. Me siento triste. Yo como mi [&hellip;]<\/p>\n","protected":false},"author":1,"featured_media":724,"comment_status":"open","ping_status":"open","sticky":false,"template":"","format":"standard","meta":{"_themeisle_gutenberg_block_has_review":false,"footnotes":""},"categories":[1],"tags":[],"class_list":["post-248","post","type-post","status-publish","format-standard","has-post-thumbnail","hentry","category-blog"],"_links":{"self":[{"href":"https:\/\/tallerdelzorro.com.ar\/index.php?rest_route=\/wp\/v2\/posts\/248","targetHints":{"allow":["GET"]}}],"collection":[{"href":"https:\/\/tallerdelzorro.com.ar\/index.php?rest_route=\/wp\/v2\/posts"}],"about":[{"href":"https:\/\/tallerdelzorro.com.ar\/index.php?rest_route=\/wp\/v2\/types\/post"}],"author":[{"embeddable":true,"href":"https:\/\/tallerdelzorro.com.ar\/index.php?rest_route=\/wp\/v2\/users\/1"}],"replies":[{"embeddable":true,"href":"https:\/\/tallerdelzorro.com.ar\/index.php?rest_route=%2Fwp%2Fv2%2Fcomments&post=248"}],"version-history":[{"count":0,"href":"https:\/\/tallerdelzorro.com.ar\/index.php?rest_route=\/wp\/v2\/posts\/248\/revisions"}],"wp:featuredmedia":[{"embeddable":true,"href":"https:\/\/tallerdelzorro.com.ar\/index.php?rest_route=\/wp\/v2\/media\/724"}],"wp:attachment":[{"href":"https:\/\/tallerdelzorro.com.ar\/index.php?rest_route=%2Fwp%2Fv2%2Fmedia&parent=248"}],"wp:term":[{"taxonomy":"category","embeddable":true,"href":"https:\/\/tallerdelzorro.com.ar\/index.php?rest_route=%2Fwp%2Fv2%2Fcategories&post=248"},{"taxonomy":"post_tag","embeddable":true,"href":"https:\/\/tallerdelzorro.com.ar\/index.php?rest_route=%2Fwp%2Fv2%2Ftags&post=248"}],"curies":[{"name":"wp","href":"https:\/\/api.w.org\/{rel}","templated":true}]}}