{"id":252,"date":"2012-06-07T15:42:00","date_gmt":"2012-06-07T15:42:00","guid":{"rendered":"http:\/\/www.tallerdelzorro.com.ar\/?p=252"},"modified":"2015-04-10T13:19:28","modified_gmt":"2015-04-10T16:19:28","slug":"tankas-musicales","status":"publish","type":"post","link":"https:\/\/tallerdelzorro.com.ar\/?p=252","title":{"rendered":"Tankas musicales"},"content":{"rendered":"<p>Nos acercamos al mundo de la poes\u00eda. Le\u00edmos Variaciones de la luz, de Diana Bellessi, disfrutamos de <a href=\"http:\/\/www.katanailustra.com.ar\/\" target=\"_blank\">Dibujaikus<\/a>, conocimos tankas y haikus y la poes\u00eda de Basho. Le\u00edmos y escuchamos los tankas de Borges musicalizados por Pedro Aznar y despu\u00e9s de hacer much\u00edsimo ruido nos conectamos con el silencio y creamos una serie de Tankas&nbsp; libres que musicaliz\u00f3 Benjisaurio.<\/p>\n<p><a href=\"http:\/\/www.tallerdelzorro.com.ar\/wp-content\/uploads\/2012\/06\/taller-252520033_thumb-25255B2-25255D.jpg\"><img loading=\"lazy\" decoding=\"async\" style=\"background-image: none; border-right-width: 0px; padding-left: 0px; padding-right: 0px; display: inline; border-top-width: 0px; border-bottom-width: 0px; border-left-width: 0px; padding-top: 0px\" title=\"taller 033\" border=\"0\" alt=\"taller 033\" src=\"http:\/\/www.tallerdelzorro.com.ar\/wp-content\/uploads\/2012\/06\/taller-252520033_thumb-25255B2-25255D-300x200.jpg\" width=\"644\" height=\"431\" \/><\/a>  <\/p>\n<p><a href=\"http:\/\/www.tallerdelzorro.com.ar\/wp-content\/uploads\/2012\/06\/taller-252520054_thumb-25255B1-25255D.jpg\"><img loading=\"lazy\" decoding=\"async\" style=\"background-image: none; border-right-width: 0px; padding-left: 0px; padding-right: 0px; display: inline; border-top-width: 0px; border-bottom-width: 0px; border-left-width: 0px; padding-top: 0px\" title=\"taller 054\" border=\"0\" alt=\"taller 054\" src=\"http:\/\/www.tallerdelzorro.com.ar\/wp-content\/uploads\/2012\/06\/taller-252520054_thumb-25255B1-25255D-300x200.jpg\" width=\"644\" height=\"431\" \/><\/a><a href=\"http:\/\/www.tallerdelzorro.com.ar\/wp-content\/uploads\/2012\/06\/taller-252520058_thumb-25255B1-25255D.jpg\"><img loading=\"lazy\" decoding=\"async\" style=\"background-image: none; border-right-width: 0px; padding-left: 0px; padding-right: 0px; display: inline; border-top-width: 0px; border-bottom-width: 0px; border-left-width: 0px; padding-top: 0px\" title=\"taller 058\" border=\"0\" alt=\"taller 058\" src=\"http:\/\/www.tallerdelzorro.com.ar\/wp-content\/uploads\/2012\/06\/taller-252520058_thumb-25255B1-25255D-300x200.jpg\" width=\"644\" height=\"431\" \/><\/a>&nbsp;&nbsp; <\/p>\n<p>Pez<br \/>mojado, r\u00e1pido y pelado<br \/>nada<br \/>en el r\u00edo de la plata<br \/>sin pies, sin miedo, sin alas<\/p>\n<p>Monta\u00f1a<br \/>alta, pinchuda, con nieve<br \/>quieta<br \/>en invierno tan fr\u00edo<br \/>sin cerebro, sin pelos y sin su boca<\/p>\n<p>P\u00e1jaro<br \/>verde, veloz y muy raro<br \/>vuela<br \/>en el cielo de invierno<br \/>sin manos, sin dedos y sin tiempo<\/p>\n<p>Cactus<br \/>espinoso, verde, alto<br \/>escucha <br \/>en el taller del zorro<br \/>sin manos, sin orejas, sin pensamiento<\/p>\n<p>Mariposa<br \/>cantora, alegre, suave<br \/>canta<br \/>en el laurel del olimpo<br \/>sin pelo, sin pies sin manos<\/p>\n<p>Delfines<br \/>suaves, t\u00edmidos, r\u00e1pidos<br \/>nadan en el mar de Brasil<br \/>sin pies, sin pelo, sin pensamientos<\/p>\n<p>Oso<br \/>grande, malo, peludo<br \/>come<br \/>en el bosque verde de mar del plata<br \/>sin botas, sin cama, sin guitarra<\/p>\n<p>ornitorrinco<br \/>semiacu\u00e1tico, ruidoso, no hace gran cosa<br \/>escribe<br \/>en el taller del zorro<br \/>sin ropa, sin pelo, sin bigotes<\/p>\n<p>\u00e1rbol<br \/>grande, hermoso, flaco<br \/>espera<br \/>en el bosque de los alerces<br \/>sin caramelos, sin dientes, sin cerebro.<\/p>\n<p>(m\u00e1s adelante subiremos el audio)<\/p>\n","protected":false},"excerpt":{"rendered":"<p>Nos acercamos al mundo de la poes\u00eda. Le\u00edmos Variaciones de la luz, de Diana Bellessi, disfrutamos de Dibujaikus, conocimos tankas y haikus y la poes\u00eda de Basho. Le\u00edmos y escuchamos los tankas de Borges musicalizados por Pedro Aznar y despu\u00e9s de hacer much\u00edsimo ruido nos conectamos con el silencio y creamos una serie de Tankas&nbsp; [&hellip;]<\/p>\n","protected":false},"author":1,"featured_media":737,"comment_status":"open","ping_status":"open","sticky":false,"template":"","format":"standard","meta":{"_themeisle_gutenberg_block_has_review":false,"footnotes":""},"categories":[1],"tags":[],"class_list":["post-252","post","type-post","status-publish","format-standard","has-post-thumbnail","hentry","category-blog"],"_links":{"self":[{"href":"https:\/\/tallerdelzorro.com.ar\/index.php?rest_route=\/wp\/v2\/posts\/252","targetHints":{"allow":["GET"]}}],"collection":[{"href":"https:\/\/tallerdelzorro.com.ar\/index.php?rest_route=\/wp\/v2\/posts"}],"about":[{"href":"https:\/\/tallerdelzorro.com.ar\/index.php?rest_route=\/wp\/v2\/types\/post"}],"author":[{"embeddable":true,"href":"https:\/\/tallerdelzorro.com.ar\/index.php?rest_route=\/wp\/v2\/users\/1"}],"replies":[{"embeddable":true,"href":"https:\/\/tallerdelzorro.com.ar\/index.php?rest_route=%2Fwp%2Fv2%2Fcomments&post=252"}],"version-history":[{"count":0,"href":"https:\/\/tallerdelzorro.com.ar\/index.php?rest_route=\/wp\/v2\/posts\/252\/revisions"}],"wp:featuredmedia":[{"embeddable":true,"href":"https:\/\/tallerdelzorro.com.ar\/index.php?rest_route=\/wp\/v2\/media\/737"}],"wp:attachment":[{"href":"https:\/\/tallerdelzorro.com.ar\/index.php?rest_route=%2Fwp%2Fv2%2Fmedia&parent=252"}],"wp:term":[{"taxonomy":"category","embeddable":true,"href":"https:\/\/tallerdelzorro.com.ar\/index.php?rest_route=%2Fwp%2Fv2%2Fcategories&post=252"},{"taxonomy":"post_tag","embeddable":true,"href":"https:\/\/tallerdelzorro.com.ar\/index.php?rest_route=%2Fwp%2Fv2%2Ftags&post=252"}],"curies":[{"name":"wp","href":"https:\/\/api.w.org\/{rel}","templated":true}]}}