{"id":256,"date":"2012-05-30T14:12:00","date_gmt":"2012-05-30T14:12:00","guid":{"rendered":"http:\/\/www.tallerdelzorro.com.ar\/?p=256"},"modified":"2015-04-10T13:19:29","modified_gmt":"2015-04-10T16:19:29","slug":"quien-le-tiene-miedo-a-los-monstruos","status":"publish","type":"post","link":"https:\/\/tallerdelzorro.com.ar\/?p=256","title":{"rendered":"\u00bfQui\u00e9n le tiene miedo a los monstruos?"},"content":{"rendered":"<p>\u00bfQui\u00e9n le tiene miedo a los monstruos? \u00a1Los m\u00e1s chiquitos del Taller del Zorro, no!<br \/>Por eso se animaron a leer much\u00edsimos libros de monstruos, como: \u00abLos monstruos ya no asustan\u00bb, \u00abAhora no, Bernardo\u00bb, \u00abEl monstruo que se comi\u00f3 la oscuridad\u00bb y &nbsp;\u00abEl peque\u00f1o monstruo tiene miedo\u00bb.<\/p>\n<div style=\"clear: both; text-align: center;\"><a href=\"http:\/\/1.bp.blogspot.com\/-gwr4M4VTCyM\/T8Y2qOjuOSI\/AAAAAAAAGps\/OTbWs9k8qfc\/s1600\/taller+mierc+004.JPG\" style=\"margin-left: 1em; margin-right: 1em;\"><img loading=\"lazy\" decoding=\"async\" border=\"0\" height=\"426\" src=\"http:\/\/1.bp.blogspot.com\/-gwr4M4VTCyM\/T8Y2qOjuOSI\/AAAAAAAAGps\/OTbWs9k8qfc\/s640\/taller+mierc+004.JPG\" width=\"640\" \/><\/a><\/div>\n<p>Despu\u00e9s cada uno arm\u00f3 su propio monstruo a partir de la silueta que dibuj\u00f3 con su cuerpo al elegir una posici\u00f3n muy monstruosa.<\/p>\n<div style=\"clear: both; text-align: center;\"><a href=\"http:\/\/www.tallerdelzorro.com.ar\/wp-content\/uploads\/2012\/05\/taller-mierc-006.jpg\" style=\"margin-left: 1em; margin-right: 1em;\"><img loading=\"lazy\" decoding=\"async\" border=\"0\" height=\"426\" src=\"http:\/\/www.tallerdelzorro.com.ar\/wp-content\/uploads\/2012\/05\/taller-mierc-006-300x200.jpg\" width=\"640\" \/><\/a><\/div>\n<p>Y para terminar a pura fiesta monstruo&#8230;<br \/>Disfrutamos de un cl\u00e1sico de todos los tiempos, \u00abDonde viven los monstruos\u00bb y, como si fuera poco, nos fuimos al cine a ver la<a href=\"http:\/\/vimeo.com\/6910955\" target=\"_blank\"> versi\u00f3n animada.<\/a><\/p>\n<div style=\"clear: both; text-align: center;\"><a href=\"http:\/\/4.bp.blogspot.com\/-UGzs8YHi6PM\/T8Y4t2dnaDI\/AAAAAAAAGqA\/zpD4JvMUTOE\/s1600\/taller+mierc+009.JPG\" style=\"margin-left: 1em; margin-right: 1em;\"><img loading=\"lazy\" decoding=\"async\" border=\"0\" height=\"426\" src=\"http:\/\/4.bp.blogspot.com\/-UGzs8YHi6PM\/T8Y4t2dnaDI\/AAAAAAAAGqA\/zpD4JvMUTOE\/s640\/taller+mierc+009.JPG\" width=\"640\" \/><\/a><\/div>\n<p><\/p>\n","protected":false},"excerpt":{"rendered":"<p>\u00bfQui\u00e9n le tiene miedo a los monstruos? \u00a1Los m\u00e1s chiquitos del Taller del Zorro, no!Por eso se animaron a leer much\u00edsimos libros de monstruos, como: \u00abLos monstruos ya no asustan\u00bb, \u00abAhora no, Bernardo\u00bb, \u00abEl monstruo que se comi\u00f3 la oscuridad\u00bb y &nbsp;\u00abEl peque\u00f1o monstruo tiene miedo\u00bb. Despu\u00e9s cada uno arm\u00f3 su propio monstruo a partir [&hellip;]<\/p>\n","protected":false},"author":1,"featured_media":752,"comment_status":"open","ping_status":"open","sticky":false,"template":"","format":"standard","meta":{"_themeisle_gutenberg_block_has_review":false,"footnotes":""},"categories":[1],"tags":[],"class_list":["post-256","post","type-post","status-publish","format-standard","has-post-thumbnail","hentry","category-blog"],"_links":{"self":[{"href":"https:\/\/tallerdelzorro.com.ar\/index.php?rest_route=\/wp\/v2\/posts\/256","targetHints":{"allow":["GET"]}}],"collection":[{"href":"https:\/\/tallerdelzorro.com.ar\/index.php?rest_route=\/wp\/v2\/posts"}],"about":[{"href":"https:\/\/tallerdelzorro.com.ar\/index.php?rest_route=\/wp\/v2\/types\/post"}],"author":[{"embeddable":true,"href":"https:\/\/tallerdelzorro.com.ar\/index.php?rest_route=\/wp\/v2\/users\/1"}],"replies":[{"embeddable":true,"href":"https:\/\/tallerdelzorro.com.ar\/index.php?rest_route=%2Fwp%2Fv2%2Fcomments&post=256"}],"version-history":[{"count":0,"href":"https:\/\/tallerdelzorro.com.ar\/index.php?rest_route=\/wp\/v2\/posts\/256\/revisions"}],"wp:featuredmedia":[{"embeddable":true,"href":"https:\/\/tallerdelzorro.com.ar\/index.php?rest_route=\/wp\/v2\/media\/752"}],"wp:attachment":[{"href":"https:\/\/tallerdelzorro.com.ar\/index.php?rest_route=%2Fwp%2Fv2%2Fmedia&parent=256"}],"wp:term":[{"taxonomy":"category","embeddable":true,"href":"https:\/\/tallerdelzorro.com.ar\/index.php?rest_route=%2Fwp%2Fv2%2Fcategories&post=256"},{"taxonomy":"post_tag","embeddable":true,"href":"https:\/\/tallerdelzorro.com.ar\/index.php?rest_route=%2Fwp%2Fv2%2Ftags&post=256"}],"curies":[{"name":"wp","href":"https:\/\/api.w.org\/{rel}","templated":true}]}}