{"id":267,"date":"2012-04-12T01:07:00","date_gmt":"2012-04-12T01:07:00","guid":{"rendered":"http:\/\/www.tallerdelzorro.com.ar\/?p=267"},"modified":"2015-04-10T13:19:29","modified_gmt":"2015-04-10T16:19:29","slug":"cuaderno-de-escritor","status":"publish","type":"post","link":"https:\/\/tallerdelzorro.com.ar\/?p=267","title":{"rendered":"Cuaderno de escritor"},"content":{"rendered":"<div style=\"clear: both; text-align: center;\"><i>Fabricamos nuestro primer cuaderno de escritor y sembramos las primeras palabras en el jard\u00edn de la imaginaci\u00f3n.<\/i><a href=\"http:\/\/www.tallerdelzorro.com.ar\/wp-content\/uploads\/2012\/04\/taller-001.jpg\" style=\"margin-left: 1em; margin-right: 1em;\"><img loading=\"lazy\" decoding=\"async\" border=\"0\" height=\"425\" src=\"http:\/\/www.tallerdelzorro.com.ar\/wp-content\/uploads\/2012\/04\/taller-001-300x200.jpg\" width=\"640\" \/><\/a><\/div>\n<p><i><br \/><\/i><br \/>Muy entusiasmados trabajamos en nuestro libro de notas. Algunos hicimos uno exclusivo para tomar notas sobre los cantos de las aves, otros un cuaderno de&nbsp; viajes, otros un cuaderno de sue\u00f1os, un cuaderno sobre Paris, uno de un p\u00e1jaro llamado Fifi, uno de instrumentos musicales y varios m\u00e1s.&nbsp; <\/p>\n<div style=\"clear: both; text-align: center;\"><a href=\"http:\/\/www.tallerdelzorro.com.ar\/wp-content\/uploads\/2012\/04\/taller-013.jpg\" style=\"clear: right; float: right; margin-bottom: 1em; margin-left: 1em;\"><img loading=\"lazy\" decoding=\"async\" border=\"0\" height=\"425\" src=\"http:\/\/www.tallerdelzorro.com.ar\/wp-content\/uploads\/2012\/04\/taller-013-300x200.jpg\" width=\"640\" \/><\/a><\/div>\n<div style=\"clear: both; text-align: center;\"><a href=\"http:\/\/www.tallerdelzorro.com.ar\/wp-content\/uploads\/2012\/04\/taller-026.jpg\" style=\"clear: left; float: left; margin-bottom: 1em; margin-right: 1em;\"><img loading=\"lazy\" decoding=\"async\" border=\"0\" height=\"425\" src=\"http:\/\/www.tallerdelzorro.com.ar\/wp-content\/uploads\/2012\/04\/taller-026-300x200.jpg\" width=\"640\" \/><\/a><\/div>\n<p><\/p>\n<div style=\"clear: both; text-align: center;\"><\/div>\n<div style=\"clear: both; text-align: center;\"><a href=\"http:\/\/www.tallerdelzorro.com.ar\/wp-content\/uploads\/2012\/04\/taller-039.jpg\" style=\"margin-left: 1em; margin-right: 1em;\"><img loading=\"lazy\" decoding=\"async\" border=\"0\" height=\"426\" src=\"http:\/\/www.tallerdelzorro.com.ar\/wp-content\/uploads\/2012\/04\/taller-039-300x200.jpg\" width=\"640\" \/><\/a><\/div>\n<p><\/p>\n<div style=\"clear: both; text-align: center;\"><a href=\"http:\/\/www.tallerdelzorro.com.ar\/wp-content\/uploads\/2012\/04\/taller-040.jpg\" style=\"margin-left: 1em; margin-right: 1em;\"><img loading=\"lazy\" decoding=\"async\" border=\"0\" height=\"426\" src=\"http:\/\/www.tallerdelzorro.com.ar\/wp-content\/uploads\/2012\/04\/taller-040-300x200.jpg\" width=\"640\" \/><\/a><\/div>\n<p><\/p>\n<div style=\"clear: both; text-align: center;\"><\/div>\n<p>Confeccionado nuestro cuaderno de escritor, elegimos semillas de palabras de una caja para hacer florecer las primeras ideas. Las pegamos en el cuaderno y surgieron t\u00edtulos, historias, poes\u00edas y personajes. Le\u00edmos cuentos y hasta nos dimos el lujo de ver el video de&nbsp;<em>La planta de Bartolo<\/em>.<\/p>\n<p><\/p>\n<div style=\"clear: both; text-align: center;\"><\/div>\n<p><a href=\"http:\/\/www.tallerdelzorro.com.ar\/wp-content\/uploads\/2012\/04\/taller-042.jpg\" style=\"clear: left; float: left; margin-bottom: 1em; margin-right: 1em;\"><img loading=\"lazy\" decoding=\"async\" border=\"0\" height=\"424\" src=\"http:\/\/www.tallerdelzorro.com.ar\/wp-content\/uploads\/2012\/04\/taller-042-300x200.jpg\" width=\"640\" \/><\/a><\/p>\n<div style=\"clear: both; text-align: center;\"><a href=\"http:\/\/www.tallerdelzorro.com.ar\/wp-content\/uploads\/2012\/04\/taller-044.jpg\" style=\"margin-left: 1em; margin-right: 1em;\"><img loading=\"lazy\" decoding=\"async\" border=\"0\" height=\"424\" src=\"http:\/\/www.tallerdelzorro.com.ar\/wp-content\/uploads\/2012\/04\/taller-044-300x200.jpg\" width=\"640\" \/><\/a><\/div>\n<p>Vida de caramelo nuebe de oro ah\u00ed viven los caramelos<br \/>y todos los dulces viven<br \/>ah\u00ed ah\u00ed es donde pertenecen los caramelos<br \/>Rufino, 6 a\u00f1os<\/p>\n","protected":false},"excerpt":{"rendered":"<p>Fabricamos nuestro primer cuaderno de escritor y sembramos las primeras palabras en el jard\u00edn de la imaginaci\u00f3n. Muy entusiasmados trabajamos en nuestro libro de notas. Algunos hicimos uno exclusivo para tomar notas sobre los cantos de las aves, otros un cuaderno de&nbsp; viajes, otros un cuaderno de sue\u00f1os, un cuaderno sobre Paris, uno de un [&hellip;]<\/p>\n","protected":false},"author":1,"featured_media":795,"comment_status":"open","ping_status":"open","sticky":false,"template":"","format":"standard","meta":{"_themeisle_gutenberg_block_has_review":false,"footnotes":""},"categories":[1],"tags":[],"class_list":["post-267","post","type-post","status-publish","format-standard","has-post-thumbnail","hentry","category-blog"],"_links":{"self":[{"href":"https:\/\/tallerdelzorro.com.ar\/index.php?rest_route=\/wp\/v2\/posts\/267","targetHints":{"allow":["GET"]}}],"collection":[{"href":"https:\/\/tallerdelzorro.com.ar\/index.php?rest_route=\/wp\/v2\/posts"}],"about":[{"href":"https:\/\/tallerdelzorro.com.ar\/index.php?rest_route=\/wp\/v2\/types\/post"}],"author":[{"embeddable":true,"href":"https:\/\/tallerdelzorro.com.ar\/index.php?rest_route=\/wp\/v2\/users\/1"}],"replies":[{"embeddable":true,"href":"https:\/\/tallerdelzorro.com.ar\/index.php?rest_route=%2Fwp%2Fv2%2Fcomments&post=267"}],"version-history":[{"count":0,"href":"https:\/\/tallerdelzorro.com.ar\/index.php?rest_route=\/wp\/v2\/posts\/267\/revisions"}],"wp:featuredmedia":[{"embeddable":true,"href":"https:\/\/tallerdelzorro.com.ar\/index.php?rest_route=\/wp\/v2\/media\/795"}],"wp:attachment":[{"href":"https:\/\/tallerdelzorro.com.ar\/index.php?rest_route=%2Fwp%2Fv2%2Fmedia&parent=267"}],"wp:term":[{"taxonomy":"category","embeddable":true,"href":"https:\/\/tallerdelzorro.com.ar\/index.php?rest_route=%2Fwp%2Fv2%2Fcategories&post=267"},{"taxonomy":"post_tag","embeddable":true,"href":"https:\/\/tallerdelzorro.com.ar\/index.php?rest_route=%2Fwp%2Fv2%2Ftags&post=267"}],"curies":[{"name":"wp","href":"https:\/\/api.w.org\/{rel}","templated":true}]}}