{"id":2750,"date":"2018-03-15T07:16:55","date_gmt":"2018-03-15T10:16:55","guid":{"rendered":"http:\/\/www.tallerdelzorro.com.ar\/?p=2750"},"modified":"2018-03-15T07:16:55","modified_gmt":"2018-03-15T10:16:55","slug":"de-cusco-a-kamchatka","status":"publish","type":"post","link":"https:\/\/tallerdelzorro.com.ar\/?p=2750","title":{"rendered":"De Cusco a Kamchatka"},"content":{"rendered":"<p style=\"font-weight: 400; text-align: center;\"><a href=\"http:\/\/www.tallerdelzorro.com.ar\/wp-content\/uploads\/2018\/03\/el-se\u00f1or-de-las-papas.jpg\"><img loading=\"lazy\" decoding=\"async\" class=\"alignnone size-full wp-image-2751\" src=\"http:\/\/www.tallerdelzorro.com.ar\/wp-content\/uploads\/2018\/03\/el-se\u00f1or-de-las-papas.jpg\" alt=\"el se\u00f1or de las papas\" width=\"665\" height=\"443\" srcset=\"https:\/\/tallerdelzorro.com.ar\/wp-content\/uploads\/2018\/03\/el-se\u00f1or-de-las-papas.jpg 665w, https:\/\/tallerdelzorro.com.ar\/wp-content\/uploads\/2018\/03\/el-se\u00f1or-de-las-papas-300x200.jpg 300w\" sizes=\"auto, (max-width: 665px) 100vw, 665px\" \/><\/a><\/p>\n<h5 style=\"font-weight: 400; text-align: center;\">Fotograf\u00eda de\u00a0<a href=\"http:\/\/etiquetanegra.com.pe\/complices\/alonso-molina\">Alonso Molina<\/a><\/h5>\n<p style=\"font-weight: 400;\">El granizo nos encontr\u00f3 a cuatro mil metros de altura, en los Andes peruanos. El cronista, <a href=\"http:\/\/etiquetanegra.com.pe\/articulos\/el-senor-de-las-papas\" target=\"_blank\">Eliezer Budasoff<\/a>,\u00a0\u00a0nos llev\u00f3 junto al\u00a0\u00a0fog\u00f3n de un campesino que cosecha trescientas variedades de papa, cada una, con su nombre y su destino. M\u00e1s tarde, recorrimos La Paz junto a Hebe Uhart, y a trav\u00e9s de ella\u00a0\u00a0escuchamos hablar a sus habitantes. Entonces nos preguntamos \u00bfC\u00f3mo se prepara un cronista antes de viajar? \u00bfQu\u00e9 cualidades debe tener para explorar y a partir de eso escribir?\u00a0\u00a0\u00a0\u00a0Curiosidad, valent\u00eda, l\u00e1pices afilados y cantimploras, parecen ser algunas de las aptitudes necesarias, ya sea que se quieran recorrer bosques, s\u00f3tanos oscuros o capitales de nombres impronunciables.<\/p>\n<p style=\"font-weight: 400;\">\n","protected":false},"excerpt":{"rendered":"<p>Fotograf\u00eda de\u00a0Alonso Molina El granizo nos encontr\u00f3 a cuatro mil metros de altura, en los Andes peruanos. El cronista, Eliezer Budasoff,\u00a0\u00a0nos llev\u00f3 junto al\u00a0\u00a0fog\u00f3n de un campesino que cosecha trescientas variedades de papa, cada una, con su nombre y su destino. M\u00e1s tarde, recorrimos La Paz junto a Hebe Uhart, y a trav\u00e9s de ella\u00a0\u00a0escuchamos [&hellip;]<\/p>\n","protected":false},"author":1,"featured_media":2751,"comment_status":"closed","ping_status":"closed","sticky":false,"template":"","format":"standard","meta":{"_themeisle_gutenberg_block_has_review":false,"footnotes":""},"categories":[1],"tags":[],"class_list":["post-2750","post","type-post","status-publish","format-standard","has-post-thumbnail","hentry","category-blog"],"_links":{"self":[{"href":"https:\/\/tallerdelzorro.com.ar\/index.php?rest_route=\/wp\/v2\/posts\/2750","targetHints":{"allow":["GET"]}}],"collection":[{"href":"https:\/\/tallerdelzorro.com.ar\/index.php?rest_route=\/wp\/v2\/posts"}],"about":[{"href":"https:\/\/tallerdelzorro.com.ar\/index.php?rest_route=\/wp\/v2\/types\/post"}],"author":[{"embeddable":true,"href":"https:\/\/tallerdelzorro.com.ar\/index.php?rest_route=\/wp\/v2\/users\/1"}],"replies":[{"embeddable":true,"href":"https:\/\/tallerdelzorro.com.ar\/index.php?rest_route=%2Fwp%2Fv2%2Fcomments&post=2750"}],"version-history":[{"count":1,"href":"https:\/\/tallerdelzorro.com.ar\/index.php?rest_route=\/wp\/v2\/posts\/2750\/revisions"}],"predecessor-version":[{"id":2752,"href":"https:\/\/tallerdelzorro.com.ar\/index.php?rest_route=\/wp\/v2\/posts\/2750\/revisions\/2752"}],"wp:featuredmedia":[{"embeddable":true,"href":"https:\/\/tallerdelzorro.com.ar\/index.php?rest_route=\/wp\/v2\/media\/2751"}],"wp:attachment":[{"href":"https:\/\/tallerdelzorro.com.ar\/index.php?rest_route=%2Fwp%2Fv2%2Fmedia&parent=2750"}],"wp:term":[{"taxonomy":"category","embeddable":true,"href":"https:\/\/tallerdelzorro.com.ar\/index.php?rest_route=%2Fwp%2Fv2%2Fcategories&post=2750"},{"taxonomy":"post_tag","embeddable":true,"href":"https:\/\/tallerdelzorro.com.ar\/index.php?rest_route=%2Fwp%2Fv2%2Ftags&post=2750"}],"curies":[{"name":"wp","href":"https:\/\/api.w.org\/{rel}","templated":true}]}}